{"id":20618,"date":"2026-09-03T14:55:00","date_gmt":"2026-09-03T17:55:00","guid":{"rendered":"https:\/\/facitec.edu.py\/v2\/?p=20618"},"modified":"2026-09-03T14:55:00","modified_gmt":"2026-09-03T17:55:00","slug":"facitec-socializa-el-informe-de-seguimiento-del-plan-de-mejoras-en-la-sede-saltos-del-guaira","status":"publish","type":"post","link":"https:\/\/facitec.edu.py\/v2\/2026\/09\/03\/facitec-socializa-el-informe-de-seguimiento-del-plan-de-mejoras-en-la-sede-saltos-del-guaira\/","title":{"rendered":"FACITEC socializa el Informe de Seguimiento del Plan de Mejoras en la sede Saltos del Guair\u00e1"},"content":{"rendered":"<p>(Saltos del Guair\u00e1, 01\/09\/2026) En el marco de las acciones de socializaci\u00f3n, el MSc. Blas Emilio Sosa Ocampos, Coordinador de la Comisi\u00f3n de Autoevaluaci\u00f3n y Acreditaci\u00f3n de la carrera de An\u00e1lisis de Sistemas de la Facultad de Ciencias y Tecnolog\u00eda, comparti\u00f3 con estudiantes, docentes y funcionarios de la sede Saltos del Guair\u00e1, el Informe de Seguimiento del Plan de Mejoras.<!--more--><\/p>\n<p><a href=\"https:\/\/facitec.edu.py\/v2\/2026\/09\/03\/facitec-socializa-el-informe-de-seguimiento-del-plan-de-mejoras-en-la-sede-saltos-del-guaira\/img_9108-large\/\" rel=\"attachment wp-att-20619\"><img data-recalc-dims=\"1\" loading=\"lazy\" decoding=\"async\" data-attachment-id=\"20619\" data-permalink=\"https:\/\/facitec.edu.py\/v2\/2026\/09\/03\/facitec-socializa-el-informe-de-seguimiento-del-plan-de-mejoras-en-la-sede-saltos-del-guaira\/img_9108-large\/\" data-orig-file=\"https:\/\/i0.wp.com\/facitec.edu.py\/v2\/wp-content\/uploads\/2026\/09\/IMG_9108-Large.jpg?fit=1620%2C1080&amp;ssl=1\" data-orig-size=\"1620,1080\" data-comments-opened=\"0\" data-image-meta=\"{&quot;aperture&quot;:&quot;4.5&quot;,&quot;credit&quot;:&quot;&quot;,&quot;camera&quot;:&quot;Canon EOS 90D&quot;,&quot;caption&quot;:&quot;&quot;,&quot;created_timestamp&quot;:&quot;1788287660&quot;,&quot;copyright&quot;:&quot;&quot;,&quot;focal_length&quot;:&quot;33&quot;,&quot;iso&quot;:&quot;2000&quot;,&quot;shutter_speed&quot;:&quot;0.008&quot;,&quot;title&quot;:&quot;&quot;,&quot;orientation&quot;:&quot;1&quot;,&quot;alt&quot;:&quot;&quot;}\" data-image-title=\"IMG_9108 (Large)\" data-image-description=\"\" data-image-caption=\"\" data-large-file=\"https:\/\/i0.wp.com\/facitec.edu.py\/v2\/wp-content\/uploads\/2026\/09\/IMG_9108-Large.jpg?fit=1024%2C683&amp;ssl=1\" class=\"alignnone size-large wp-image-20619\" src=\"https:\/\/i0.wp.com\/facitec.edu.py\/v2\/wp-content\/uploads\/2026\/09\/IMG_9108-Large.jpg?resize=1024%2C683&#038;ssl=1\" alt=\"\" width=\"1024\" height=\"683\" srcset=\"https:\/\/i0.wp.com\/facitec.edu.py\/v2\/wp-content\/uploads\/2026\/09\/IMG_9108-Large.jpg?resize=1024%2C683&amp;ssl=1 1024w, https:\/\/i0.wp.com\/facitec.edu.py\/v2\/wp-content\/uploads\/2026\/09\/IMG_9108-Large.jpg?resize=300%2C200&amp;ssl=1 300w, https:\/\/i0.wp.com\/facitec.edu.py\/v2\/wp-content\/uploads\/2026\/09\/IMG_9108-Large.jpg?resize=768%2C512&amp;ssl=1 768w, https:\/\/i0.wp.com\/facitec.edu.py\/v2\/wp-content\/uploads\/2026\/09\/IMG_9108-Large.jpg?resize=1536%2C1024&amp;ssl=1 1536w, https:\/\/i0.wp.com\/facitec.edu.py\/v2\/wp-content\/uploads\/2026\/09\/IMG_9108-Large.jpg?resize=280%2C187&amp;ssl=1 280w, https:\/\/i0.wp.com\/facitec.edu.py\/v2\/wp-content\/uploads\/2026\/09\/IMG_9108-Large.jpg?resize=1170%2C780&amp;ssl=1 1170w, https:\/\/i0.wp.com\/facitec.edu.py\/v2\/wp-content\/uploads\/2026\/09\/IMG_9108-Large.jpg?w=1620&amp;ssl=1 1620w\" sizes=\"auto, (max-width: 1024px) 100vw, 1024px\" \/><\/a><\/p>\n<p>La reuni\u00f3n inici\u00f3 con las palabras del decano, MSc. Rodrigo Javier Mart\u00ednez Meza, qui\u00e9n se\u00f1alo la importancia de mantener informada a la comunidad educativa sobre el avance de las acciones previstas en el Plan de Mejora y de dar continuidad a los procesos de evaluaci\u00f3n y seguimiento institucional.<\/p>\n<p>Seguidamente el MSc. Blas Sosa present\u00f3 los principales avances, las acciones desarrolladas, los resultados alcanzados y los aspectos que contin\u00faan en proceso de implementaci\u00f3n.<\/p>\n<p><a href=\"https:\/\/facitec.edu.py\/v2\/2026\/09\/03\/facitec-socializa-el-informe-de-seguimiento-del-plan-de-mejoras-en-la-sede-saltos-del-guaira\/img_9100-large\/\" rel=\"attachment wp-att-20620\"><img data-recalc-dims=\"1\" loading=\"lazy\" decoding=\"async\" data-attachment-id=\"20620\" data-permalink=\"https:\/\/facitec.edu.py\/v2\/2026\/09\/03\/facitec-socializa-el-informe-de-seguimiento-del-plan-de-mejoras-en-la-sede-saltos-del-guaira\/img_9100-large\/\" data-orig-file=\"https:\/\/i0.wp.com\/facitec.edu.py\/v2\/wp-content\/uploads\/2026\/09\/IMG_9100-Large.jpg?fit=1620%2C1080&amp;ssl=1\" data-orig-size=\"1620,1080\" data-comments-opened=\"0\" data-image-meta=\"{&quot;aperture&quot;:&quot;3.5&quot;,&quot;credit&quot;:&quot;&quot;,&quot;camera&quot;:&quot;Canon EOS 90D&quot;,&quot;caption&quot;:&quot;&quot;,&quot;created_timestamp&quot;:&quot;1788287592&quot;,&quot;copyright&quot;:&quot;&quot;,&quot;focal_length&quot;:&quot;18&quot;,&quot;iso&quot;:&quot;800&quot;,&quot;shutter_speed&quot;:&quot;0.0125&quot;,&quot;title&quot;:&quot;&quot;,&quot;orientation&quot;:&quot;1&quot;,&quot;alt&quot;:&quot;&quot;}\" data-image-title=\"IMG_9100 (Large)\" data-image-description=\"\" data-image-caption=\"\" data-large-file=\"https:\/\/i0.wp.com\/facitec.edu.py\/v2\/wp-content\/uploads\/2026\/09\/IMG_9100-Large.jpg?fit=1024%2C683&amp;ssl=1\" class=\"alignnone size-large wp-image-20620\" src=\"https:\/\/i0.wp.com\/facitec.edu.py\/v2\/wp-content\/uploads\/2026\/09\/IMG_9100-Large.jpg?resize=1024%2C683&#038;ssl=1\" alt=\"\" width=\"1024\" height=\"683\" srcset=\"https:\/\/i0.wp.com\/facitec.edu.py\/v2\/wp-content\/uploads\/2026\/09\/IMG_9100-Large.jpg?resize=1024%2C683&amp;ssl=1 1024w, https:\/\/i0.wp.com\/facitec.edu.py\/v2\/wp-content\/uploads\/2026\/09\/IMG_9100-Large.jpg?resize=300%2C200&amp;ssl=1 300w, https:\/\/i0.wp.com\/facitec.edu.py\/v2\/wp-content\/uploads\/2026\/09\/IMG_9100-Large.jpg?resize=768%2C512&amp;ssl=1 768w, https:\/\/i0.wp.com\/facitec.edu.py\/v2\/wp-content\/uploads\/2026\/09\/IMG_9100-Large.jpg?resize=1536%2C1024&amp;ssl=1 1536w, https:\/\/i0.wp.com\/facitec.edu.py\/v2\/wp-content\/uploads\/2026\/09\/IMG_9100-Large.jpg?resize=280%2C187&amp;ssl=1 280w, https:\/\/i0.wp.com\/facitec.edu.py\/v2\/wp-content\/uploads\/2026\/09\/IMG_9100-Large.jpg?resize=1170%2C780&amp;ssl=1 1170w, https:\/\/i0.wp.com\/facitec.edu.py\/v2\/wp-content\/uploads\/2026\/09\/IMG_9100-Large.jpg?w=1620&amp;ssl=1 1620w\" sizes=\"auto, (max-width: 1024px) 100vw, 1024px\" \/><\/a><\/p>\n<p>La socializaci\u00f3n permiti\u00f3 que los distintos estamentos conocieran de manera directa el estado de cumplimiento de los compromisos asumidos y las evidencias generadas en el marco del seguimiento del Plan de Mejoras. Asimismo, se propici\u00f3 un espacio para consultas e intercambio de informaci\u00f3n sobre las acciones acad\u00e9micas y administrativas implementadas.<\/p>\n<p>El MSc. Blas Sosa destac\u00f3 la importancia de involucrar a la comunidad educativa en estos procesos, promoviendo una cultura institucional basada en la participaci\u00f3n, el compromiso y la b\u00fasqueda permanente de la excelencia acad\u00e9mica.<\/p>\n<p>La actividad form\u00f3 parte de las acciones de seguimiento y comunicaci\u00f3n institucional orientadas a promover la participaci\u00f3n de la comunidad educativa y el conocimiento de los procesos de evaluaci\u00f3n y mejora de la carrera.<\/p>\n<p><a href=\"https:\/\/facitec.edu.py\/v2\/2026\/09\/03\/facitec-socializa-el-informe-de-seguimiento-del-plan-de-mejoras-en-la-sede-saltos-del-guaira\/img_9118-large\/\" rel=\"attachment wp-att-20621\"><img data-recalc-dims=\"1\" loading=\"lazy\" decoding=\"async\" data-attachment-id=\"20621\" data-permalink=\"https:\/\/facitec.edu.py\/v2\/2026\/09\/03\/facitec-socializa-el-informe-de-seguimiento-del-plan-de-mejoras-en-la-sede-saltos-del-guaira\/img_9118-large\/\" data-orig-file=\"https:\/\/i0.wp.com\/facitec.edu.py\/v2\/wp-content\/uploads\/2026\/09\/IMG_9118-Large.jpg?fit=1620%2C1080&amp;ssl=1\" data-orig-size=\"1620,1080\" data-comments-opened=\"0\" data-image-meta=\"{&quot;aperture&quot;:&quot;5.6&quot;,&quot;credit&quot;:&quot;&quot;,&quot;camera&quot;:&quot;Canon EOS 90D&quot;,&quot;caption&quot;:&quot;&quot;,&quot;created_timestamp&quot;:&quot;1788288354&quot;,&quot;copyright&quot;:&quot;&quot;,&quot;focal_length&quot;:&quot;43&quot;,&quot;iso&quot;:&quot;1600&quot;,&quot;shutter_speed&quot;:&quot;0.00625&quot;,&quot;title&quot;:&quot;&quot;,&quot;orientation&quot;:&quot;1&quot;,&quot;alt&quot;:&quot;&quot;}\" data-image-title=\"IMG_9118 (Large)\" data-image-description=\"\" data-image-caption=\"\" data-large-file=\"https:\/\/i0.wp.com\/facitec.edu.py\/v2\/wp-content\/uploads\/2026\/09\/IMG_9118-Large.jpg?fit=1024%2C683&amp;ssl=1\" class=\"alignnone size-large wp-image-20621\" src=\"https:\/\/i0.wp.com\/facitec.edu.py\/v2\/wp-content\/uploads\/2026\/09\/IMG_9118-Large.jpg?resize=1024%2C683&#038;ssl=1\" alt=\"\" width=\"1024\" height=\"683\" srcset=\"https:\/\/i0.wp.com\/facitec.edu.py\/v2\/wp-content\/uploads\/2026\/09\/IMG_9118-Large.jpg?resize=1024%2C683&amp;ssl=1 1024w, https:\/\/i0.wp.com\/facitec.edu.py\/v2\/wp-content\/uploads\/2026\/09\/IMG_9118-Large.jpg?resize=300%2C200&amp;ssl=1 300w, https:\/\/i0.wp.com\/facitec.edu.py\/v2\/wp-content\/uploads\/2026\/09\/IMG_9118-Large.jpg?resize=768%2C512&amp;ssl=1 768w, https:\/\/i0.wp.com\/facitec.edu.py\/v2\/wp-content\/uploads\/2026\/09\/IMG_9118-Large.jpg?resize=1536%2C1024&amp;ssl=1 1536w, https:\/\/i0.wp.com\/facitec.edu.py\/v2\/wp-content\/uploads\/2026\/09\/IMG_9118-Large.jpg?resize=280%2C187&amp;ssl=1 280w, https:\/\/i0.wp.com\/facitec.edu.py\/v2\/wp-content\/uploads\/2026\/09\/IMG_9118-Large.jpg?resize=1170%2C780&amp;ssl=1 1170w, https:\/\/i0.wp.com\/facitec.edu.py\/v2\/wp-content\/uploads\/2026\/09\/IMG_9118-Large.jpg?w=1620&amp;ssl=1 1620w\" sizes=\"auto, (max-width: 1024px) 100vw, 1024px\" \/><\/a><\/p>\n","protected":false},"excerpt":{"rendered":"<p>(Saltos del Guair\u00e1, 01\/09\/2026) En el marco de las acciones de socializaci\u00f3n, el MSc. Blas Emilio Sosa Ocampos, Coordinador de la Comisi\u00f3n de Autoevaluaci\u00f3n y Acreditaci\u00f3n de la carrera de An\u00e1lisis de Sistemas de la Facultad de Ciencias y Tecnolog\u00eda, comparti\u00f3 con estudiantes, docentes y funcionarios de la sede Saltos del Guair\u00e1, el Informe de<\/p>\n","protected":false},"author":1,"featured_media":20619,"comment_status":"closed","ping_status":"open","sticky":false,"template":"","format":"standard","meta":{"cybocfi_hide_featured_image":"yes","_jetpack_newsletter_access":"","_jetpack_dont_email_post_to_subs":false,"_jetpack_newsletter_tier_id":0,"_jetpack_memberships_contains_paywalled_content":false,"_jetpack_feature_clip_id":0,"_jetpack_memberships_contains_paid_content":false,"footnotes":"","jetpack_publicize_message":"","jetpack_publicize_feature_enabled":true,"jetpack_social_post_already_shared":true,"jetpack_social_options":{"image_generator_settings":{"template":"highway","default_image_id":0,"font":"","enabled":false},"version":2},"jetpack_post_was_ever_published":false},"categories":[2,54],"tags":[],"class_list":["post-20618","post","type-post","status-publish","format-standard","has-post-thumbnail","hentry","category-noticias","category-noticias_saltodelguaira"],"jetpack_publicize_connections":[],"jetpack_sharing_enabled":true,"jetpack_likes_enabled":true,"jetpack_featured_media_url":"https:\/\/i0.wp.com\/facitec.edu.py\/v2\/wp-content\/uploads\/2026\/09\/IMG_9108-Large.jpg?fit=1620%2C1080&ssl=1","_links":{"self":[{"href":"https:\/\/facitec.edu.py\/v2\/wp-json\/wp\/v2\/posts\/20618","targetHints":{"allow":["GET"]}}],"collection":[{"href":"https:\/\/facitec.edu.py\/v2\/wp-json\/wp\/v2\/posts"}],"about":[{"href":"https:\/\/facitec.edu.py\/v2\/wp-json\/wp\/v2\/types\/post"}],"author":[{"embeddable":true,"href":"https:\/\/facitec.edu.py\/v2\/wp-json\/wp\/v2\/users\/1"}],"replies":[{"embeddable":true,"href":"https:\/\/facitec.edu.py\/v2\/wp-json\/wp\/v2\/comments?post=20618"}],"version-history":[{"count":2,"href":"https:\/\/facitec.edu.py\/v2\/wp-json\/wp\/v2\/posts\/20618\/revisions"}],"predecessor-version":[{"id":20623,"href":"https:\/\/facitec.edu.py\/v2\/wp-json\/wp\/v2\/posts\/20618\/revisions\/20623"}],"wp:featuredmedia":[{"embeddable":true,"href":"https:\/\/facitec.edu.py\/v2\/wp-json\/wp\/v2\/media\/20619"}],"wp:attachment":[{"href":"https:\/\/facitec.edu.py\/v2\/wp-json\/wp\/v2\/media?parent=20618"}],"wp:term":[{"taxonomy":"category","embeddable":true,"href":"https:\/\/facitec.edu.py\/v2\/wp-json\/wp\/v2\/categories?post=20618"},{"taxonomy":"post_tag","embeddable":true,"href":"https:\/\/facitec.edu.py\/v2\/wp-json\/wp\/v2\/tags?post=20618"}],"curies":[{"name":"wp","href":"https:\/\/api.w.org\/{rel}","templated":true}]}}