{"id":20592,"date":"2026-09-02T13:53:38","date_gmt":"2026-09-02T16:53:38","guid":{"rendered":"https:\/\/facitec.edu.py\/v2\/?p=20592"},"modified":"2026-09-02T13:59:48","modified_gmt":"2026-09-02T16:59:48","slug":"convocatoria-a-elecciones-de-decano-a-para-las-facultades-facem-facijs-faciv-fca-y-facitec-periodo-2027-2031","status":"publish","type":"post","link":"https:\/\/facitec.edu.py\/v2\/2026\/09\/02\/convocatoria-a-elecciones-de-decano-a-para-las-facultades-facem-facijs-faciv-fca-y-facitec-periodo-2027-2031\/","title":{"rendered":"Convocatoria a elecciones de Decano\/a para las facultades FACEM, FACIJS, FACIV, FCA y FACITEC, periodo 2027-2031"},"content":{"rendered":"<div class=\"x14z9mp xat24cr x1lziwak x1vvkbs xtlvy1s x126k92a\">\n<div dir=\"auto\">Por resoluci\u00f3n N\u00b0 218\/2026 del Consejo Superior Universitario de la UNICAN, se convoca a elecciones de Decano\/a para las siguientes facultades:<\/div>\n<\/div>\n<div class=\"x14z9mp xat24cr x1lziwak x1vvkbs xtlvy1s x126k92a\">\n<div dir=\"auto\">&#8211; Facultad de Ciencias Econ\u00f3micas y Empresariales (FACEM)<\/div>\n<div dir=\"auto\">&#8211; Facultad de Ciencias Jur\u00eddicas y Sociales (FACIJS)<\/div>\n<div dir=\"auto\">&#8211; Facultad de Ciencias Agrarias (FCA)<\/div>\n<div dir=\"auto\">&#8211; Facultad de Ciencias Veterinarias (FACIV)<\/div>\n<div dir=\"auto\">&#8211; Facultad de Ciencias y Tecnolog\u00eda (FACITEC).<\/div>\n<\/div>\n<p><!--more--><\/p>\n<div class=\"x14z9mp xat24cr x1lziwak x1vvkbs xtlvy1s x126k92a\">\n<div dir=\"auto\">Las elecciones corresponden al periodo comprendido entre enero de 2027 y diciembre de 2031. Para el efecto, se ha aprobado la conformaci\u00f3n del Tribunal Electoral Independiente (TEI) por facultades, as\u00ed como el calendario electoral, mediante Resoluci\u00f3n CSU N.\u00b0 219\/2026.<\/div>\n<\/div>\n<div class=\"x14z9mp xat24cr x1lziwak x1vvkbs xtlvy1s x126k92a\">\n<div dir=\"auto\">Las elecciones se realizar\u00e1n el pr\u00f3ximo s\u00e1bado 26 de septiembre de 08:00 a 13:00 horas, en la sede de Saltos del Guair\u00e1 y las filiales Curuguaty y Katuet\u00e9.<\/div>\n<\/div>\n<div dir=\"auto\"><\/div>\n<div dir=\"auto\"><iframe loading=\"lazy\" src=\"https:\/\/drive.google.com\/file\/d\/1rJHpb8wV09wFnNpKWh8vficZqQaqqb_x\/preview\" width=\"640\" height=\"480\"><\/iframe><\/div>\n<div dir=\"auto\"><\/div>\n<div dir=\"auto\"><iframe loading=\"lazy\" src=\"https:\/\/drive.google.com\/file\/d\/1eIHzj6IpmGfWKzXH0rDBGCaMO1niVZ4E\/preview\" width=\"640\" height=\"480\"><\/iframe><\/div>\n","protected":false},"excerpt":{"rendered":"<p>Por resoluci\u00f3n N\u00b0 218\/2026 del Consejo Superior Universitario de la UNICAN, se convoca a elecciones de Decano\/a para las siguientes facultades: &#8211; Facultad de Ciencias Econ\u00f3micas y Empresariales (FACEM) &#8211; Facultad de Ciencias Jur\u00eddicas y Sociales (FACIJS) &#8211; Facultad de Ciencias Agrarias (FCA) &#8211; Facultad de Ciencias Veterinarias (FACIV) &#8211; Facultad de Ciencias y Tecnolog\u00eda<\/p>\n","protected":false},"author":1,"featured_media":20593,"comment_status":"closed","ping_status":"open","sticky":false,"template":"","format":"standard","meta":{"cybocfi_hide_featured_image":"yes","_jetpack_newsletter_access":"","_jetpack_dont_email_post_to_subs":false,"_jetpack_newsletter_tier_id":0,"_jetpack_memberships_contains_paywalled_content":false,"_jetpack_feature_clip_id":0,"_jetpack_memberships_contains_paid_content":false,"footnotes":"","jetpack_publicize_message":"","jetpack_publicize_feature_enabled":true,"jetpack_social_post_already_shared":true,"jetpack_social_options":{"image_generator_settings":{"template":"highway","default_image_id":0,"font":"","enabled":false},"version":2},"jetpack_post_was_ever_published":false},"categories":[2,47,55,54],"tags":[],"class_list":["post-20592","post","type-post","status-publish","format-standard","has-post-thumbnail","hentry","category-noticias","category-noticias_curuguaty","category-noticias_katuete","category-noticias_saltodelguaira"],"jetpack_publicize_connections":[],"jetpack_sharing_enabled":true,"jetpack_likes_enabled":true,"jetpack_featured_media_url":"https:\/\/i0.wp.com\/facitec.edu.py\/v2\/wp-content\/uploads\/2026\/09\/PORTADA.jpg?fit=1038%2C1600&ssl=1","_links":{"self":[{"href":"https:\/\/facitec.edu.py\/v2\/wp-json\/wp\/v2\/posts\/20592","targetHints":{"allow":["GET"]}}],"collection":[{"href":"https:\/\/facitec.edu.py\/v2\/wp-json\/wp\/v2\/posts"}],"about":[{"href":"https:\/\/facitec.edu.py\/v2\/wp-json\/wp\/v2\/types\/post"}],"author":[{"embeddable":true,"href":"https:\/\/facitec.edu.py\/v2\/wp-json\/wp\/v2\/users\/1"}],"replies":[{"embeddable":true,"href":"https:\/\/facitec.edu.py\/v2\/wp-json\/wp\/v2\/comments?post=20592"}],"version-history":[{"count":2,"href":"https:\/\/facitec.edu.py\/v2\/wp-json\/wp\/v2\/posts\/20592\/revisions"}],"predecessor-version":[{"id":20595,"href":"https:\/\/facitec.edu.py\/v2\/wp-json\/wp\/v2\/posts\/20592\/revisions\/20595"}],"wp:featuredmedia":[{"embeddable":true,"href":"https:\/\/facitec.edu.py\/v2\/wp-json\/wp\/v2\/media\/20593"}],"wp:attachment":[{"href":"https:\/\/facitec.edu.py\/v2\/wp-json\/wp\/v2\/media?parent=20592"}],"wp:term":[{"taxonomy":"category","embeddable":true,"href":"https:\/\/facitec.edu.py\/v2\/wp-json\/wp\/v2\/categories?post=20592"},{"taxonomy":"post_tag","embeddable":true,"href":"https:\/\/facitec.edu.py\/v2\/wp-json\/wp\/v2\/tags?post=20592"}],"curies":[{"name":"wp","href":"https:\/\/api.w.org\/{rel}","templated":true}]}}