{"id":20529,"date":"2026-09-01T10:00:50","date_gmt":"2026-09-01T13:00:50","guid":{"rendered":"https:\/\/facitec.edu.py\/v2\/?p=20529"},"modified":"2026-09-01T10:00:50","modified_gmt":"2026-09-01T13:00:50","slug":"director-academico-encabezo-reunion-con-delegados-estudiantiles-en-curuguaty","status":"publish","type":"post","link":"https:\/\/facitec.edu.py\/v2\/2026\/09\/01\/director-academico-encabezo-reunion-con-delegados-estudiantiles-en-curuguaty\/","title":{"rendered":"Director Acad\u00e9mico encabez\u00f3 reuni\u00f3n con delegados estudiantiles en Curuguaty"},"content":{"rendered":"<p>(Curuguaty, 28\/08\/2026) &#8211; El Director Acad\u00e9mico de FACITEC encabez\u00f3 una reuni\u00f3n con delegados y subdelegados de los diferentes cursos, con una agenda orientada a compartir informaci\u00f3n, aclarar procedimientos y escuchar las inquietudes de los estudiantes.<!--more--><\/p>\n<p><a href=\"https:\/\/facitec.edu.py\/v2\/2026\/09\/01\/director-academico-encabezo-reunion-con-delegados-estudiantiles-en-curuguaty\/1-188\/\" rel=\"attachment wp-att-20530\"><img data-recalc-dims=\"1\" loading=\"lazy\" decoding=\"async\" data-attachment-id=\"20530\" data-permalink=\"https:\/\/facitec.edu.py\/v2\/2026\/09\/01\/director-academico-encabezo-reunion-con-delegados-estudiantiles-en-curuguaty\/1-188\/\" data-orig-file=\"https:\/\/i0.wp.com\/facitec.edu.py\/v2\/wp-content\/uploads\/2026\/09\/1.jpeg?fit=1280%2C630&amp;ssl=1\" data-orig-size=\"1280,630\" data-comments-opened=\"0\" data-image-meta=\"{&quot;aperture&quot;:&quot;0&quot;,&quot;credit&quot;:&quot;&quot;,&quot;camera&quot;:&quot;&quot;,&quot;caption&quot;:&quot;&quot;,&quot;created_timestamp&quot;:&quot;0&quot;,&quot;copyright&quot;:&quot;&quot;,&quot;focal_length&quot;:&quot;0&quot;,&quot;iso&quot;:&quot;0&quot;,&quot;shutter_speed&quot;:&quot;0&quot;,&quot;title&quot;:&quot;&quot;,&quot;orientation&quot;:&quot;1&quot;,&quot;alt&quot;:&quot;&quot;}\" data-image-title=\"1\" data-image-description=\"\" data-image-caption=\"\" data-large-file=\"https:\/\/i0.wp.com\/facitec.edu.py\/v2\/wp-content\/uploads\/2026\/09\/1.jpeg?fit=1024%2C504&amp;ssl=1\" class=\"alignnone size-large wp-image-20530\" src=\"https:\/\/i0.wp.com\/facitec.edu.py\/v2\/wp-content\/uploads\/2026\/09\/1.jpeg?resize=1024%2C504&#038;ssl=1\" alt=\"\" width=\"1024\" height=\"504\" srcset=\"https:\/\/i0.wp.com\/facitec.edu.py\/v2\/wp-content\/uploads\/2026\/09\/1.jpeg?resize=1024%2C504&amp;ssl=1 1024w, https:\/\/i0.wp.com\/facitec.edu.py\/v2\/wp-content\/uploads\/2026\/09\/1.jpeg?resize=300%2C148&amp;ssl=1 300w, https:\/\/i0.wp.com\/facitec.edu.py\/v2\/wp-content\/uploads\/2026\/09\/1.jpeg?resize=768%2C378&amp;ssl=1 768w, https:\/\/i0.wp.com\/facitec.edu.py\/v2\/wp-content\/uploads\/2026\/09\/1.jpeg?resize=280%2C138&amp;ssl=1 280w, https:\/\/i0.wp.com\/facitec.edu.py\/v2\/wp-content\/uploads\/2026\/09\/1.jpeg?resize=1170%2C576&amp;ssl=1 1170w, https:\/\/i0.wp.com\/facitec.edu.py\/v2\/wp-content\/uploads\/2026\/09\/1.jpeg?w=1280&amp;ssl=1 1280w\" sizes=\"auto, (max-width: 1024px) 100vw, 1024px\" \/><\/a><\/p>\n<p>Durante el encuentro se abordaron inicialmente las funciones de los delegados y subdelegados, as\u00ed como la presentaci\u00f3n del equipo de gesti\u00f3n y los medios oficiales de comunicaci\u00f3n de la Facultad, destacando la importancia de utilizar los canales institucionales para acceder a informaci\u00f3n y realizar consultas.<\/p>\n<p>La reuni\u00f3n incluy\u00f3 varios aspectos relacionados con la situaci\u00f3n administrativa y acad\u00e9mica de los estudiantes, entre ellos el pago de aranceles y Arancel Cero, deudas pendientes, becas y exoneraciones, horarios de ex\u00e1menes parciales y finales, publicaci\u00f3n de calificaciones, asistencia y participaci\u00f3n en clases.<\/p>\n<p>Tambi\u00e9n se explicaron aspectos vinculados a los ex\u00e1menes de recuperaci\u00f3n, la cantidad de aplazos y el funcionamiento del Reloj Acad\u00e9mico, adem\u00e1s del uso del Campus Virtual como herramienta de apoyo al desarrollo de las actividades acad\u00e9micas.<\/p>\n<p>Otro de los puntos tratados fue la acreditaci\u00f3n de la carrera y el marco legal de la instituci\u00f3n, proporcionando informaci\u00f3n a los representantes estudiantiles sobre aspectos que forman parte del funcionamiento y los procesos institucionales.<\/p>\n<p><a href=\"https:\/\/facitec.edu.py\/v2\/2026\/09\/01\/director-academico-encabezo-reunion-con-delegados-estudiantiles-en-curuguaty\/2-195\/\" rel=\"attachment wp-att-20531\"><img data-recalc-dims=\"1\" loading=\"lazy\" decoding=\"async\" data-attachment-id=\"20531\" data-permalink=\"https:\/\/facitec.edu.py\/v2\/2026\/09\/01\/director-academico-encabezo-reunion-con-delegados-estudiantiles-en-curuguaty\/2-195\/\" data-orig-file=\"https:\/\/i0.wp.com\/facitec.edu.py\/v2\/wp-content\/uploads\/2026\/09\/2.jpeg?fit=1280%2C651&amp;ssl=1\" data-orig-size=\"1280,651\" data-comments-opened=\"0\" data-image-meta=\"{&quot;aperture&quot;:&quot;0&quot;,&quot;credit&quot;:&quot;&quot;,&quot;camera&quot;:&quot;&quot;,&quot;caption&quot;:&quot;&quot;,&quot;created_timestamp&quot;:&quot;0&quot;,&quot;copyright&quot;:&quot;&quot;,&quot;focal_length&quot;:&quot;0&quot;,&quot;iso&quot;:&quot;0&quot;,&quot;shutter_speed&quot;:&quot;0&quot;,&quot;title&quot;:&quot;&quot;,&quot;orientation&quot;:&quot;1&quot;,&quot;alt&quot;:&quot;&quot;}\" data-image-title=\"2\" data-image-description=\"\" data-image-caption=\"\" data-large-file=\"https:\/\/i0.wp.com\/facitec.edu.py\/v2\/wp-content\/uploads\/2026\/09\/2.jpeg?fit=1024%2C521&amp;ssl=1\" class=\"alignnone size-large wp-image-20531\" src=\"https:\/\/i0.wp.com\/facitec.edu.py\/v2\/wp-content\/uploads\/2026\/09\/2.jpeg?resize=1024%2C521&#038;ssl=1\" alt=\"\" width=\"1024\" height=\"521\" srcset=\"https:\/\/i0.wp.com\/facitec.edu.py\/v2\/wp-content\/uploads\/2026\/09\/2.jpeg?resize=1024%2C521&amp;ssl=1 1024w, https:\/\/i0.wp.com\/facitec.edu.py\/v2\/wp-content\/uploads\/2026\/09\/2.jpeg?resize=300%2C153&amp;ssl=1 300w, https:\/\/i0.wp.com\/facitec.edu.py\/v2\/wp-content\/uploads\/2026\/09\/2.jpeg?resize=768%2C391&amp;ssl=1 768w, https:\/\/i0.wp.com\/facitec.edu.py\/v2\/wp-content\/uploads\/2026\/09\/2.jpeg?resize=280%2C142&amp;ssl=1 280w, https:\/\/i0.wp.com\/facitec.edu.py\/v2\/wp-content\/uploads\/2026\/09\/2.jpeg?resize=1170%2C595&amp;ssl=1 1170w, https:\/\/i0.wp.com\/facitec.edu.py\/v2\/wp-content\/uploads\/2026\/09\/2.jpeg?w=1280&amp;ssl=1 1280w\" sizes=\"auto, (max-width: 1024px) 100vw, 1024px\" \/><\/a><\/p>\n<p>En cuanto al bienestar estudiantil, se convers\u00f3 sobre la participaci\u00f3n de los delegados en la Comisi\u00f3n de Bienestar Estudiantil y se inform\u00f3 sobre el servicio de atenci\u00f3n psicol\u00f3gica disponible para los estudiantes.<\/p>\n<p>La agenda contempl\u00f3 adem\u00e1s las opiniones y sugerencias relacionadas con la p\u00e1gina web institucional, incluyendo propuestas para mejorar la informaci\u00f3n y los contenidos disponibles para la comunidad educativa.<\/p>\n<p>La jornada finaliz\u00f3 con un espacio abierto de consultas y participaci\u00f3n, donde los delegados pudieron trasladar inquietudes planteadas por sus compa\u00f1eros y recibir respuestas sobre los distintos temas abordados durante la reuni\u00f3n.<\/p>\n","protected":false},"excerpt":{"rendered":"<p>(Curuguaty, 28\/08\/2026) &#8211; El Director Acad\u00e9mico de FACITEC encabez\u00f3 una reuni\u00f3n con delegados y subdelegados de los diferentes cursos, con una agenda orientada a compartir informaci\u00f3n, aclarar procedimientos y escuchar las inquietudes de los estudiantes.<\/p>\n","protected":false},"author":1,"featured_media":20531,"comment_status":"closed","ping_status":"open","sticky":false,"template":"","format":"standard","meta":{"cybocfi_hide_featured_image":"yes","_jetpack_newsletter_access":"","_jetpack_dont_email_post_to_subs":false,"_jetpack_newsletter_tier_id":0,"_jetpack_memberships_contains_paywalled_content":false,"_jetpack_feature_clip_id":0,"_jetpack_memberships_contains_paid_content":false,"footnotes":"","jetpack_publicize_message":"","jetpack_publicize_feature_enabled":true,"jetpack_social_post_already_shared":true,"jetpack_social_options":{"image_generator_settings":{"template":"highway","default_image_id":0,"font":"","enabled":false},"version":2},"jetpack_post_was_ever_published":false},"categories":[2,47],"tags":[],"class_list":["post-20529","post","type-post","status-publish","format-standard","has-post-thumbnail","hentry","category-noticias","category-noticias_curuguaty"],"jetpack_publicize_connections":[],"jetpack_sharing_enabled":true,"jetpack_likes_enabled":true,"jetpack_featured_media_url":"https:\/\/i0.wp.com\/facitec.edu.py\/v2\/wp-content\/uploads\/2026\/09\/2.jpeg?fit=1280%2C651&ssl=1","_links":{"self":[{"href":"https:\/\/facitec.edu.py\/v2\/wp-json\/wp\/v2\/posts\/20529","targetHints":{"allow":["GET"]}}],"collection":[{"href":"https:\/\/facitec.edu.py\/v2\/wp-json\/wp\/v2\/posts"}],"about":[{"href":"https:\/\/facitec.edu.py\/v2\/wp-json\/wp\/v2\/types\/post"}],"author":[{"embeddable":true,"href":"https:\/\/facitec.edu.py\/v2\/wp-json\/wp\/v2\/users\/1"}],"replies":[{"embeddable":true,"href":"https:\/\/facitec.edu.py\/v2\/wp-json\/wp\/v2\/comments?post=20529"}],"version-history":[{"count":2,"href":"https:\/\/facitec.edu.py\/v2\/wp-json\/wp\/v2\/posts\/20529\/revisions"}],"predecessor-version":[{"id":20533,"href":"https:\/\/facitec.edu.py\/v2\/wp-json\/wp\/v2\/posts\/20529\/revisions\/20533"}],"wp:featuredmedia":[{"embeddable":true,"href":"https:\/\/facitec.edu.py\/v2\/wp-json\/wp\/v2\/media\/20531"}],"wp:attachment":[{"href":"https:\/\/facitec.edu.py\/v2\/wp-json\/wp\/v2\/media?parent=20529"}],"wp:term":[{"taxonomy":"category","embeddable":true,"href":"https:\/\/facitec.edu.py\/v2\/wp-json\/wp\/v2\/categories?post=20529"},{"taxonomy":"post_tag","embeddable":true,"href":"https:\/\/facitec.edu.py\/v2\/wp-json\/wp\/v2\/tags?post=20529"}],"curies":[{"name":"wp","href":"https:\/\/api.w.org\/{rel}","templated":true}]}}