{"id":18287,"date":"2026-03-25T10:16:28","date_gmt":"2026-03-25T13:16:28","guid":{"rendered":"https:\/\/facitec.edu.py\/v2\/?p=18287"},"modified":"2026-03-25T10:16:28","modified_gmt":"2026-03-25T13:16:28","slug":"firma-de-convenio-entre-la-facitec-y-el-ifd-juan-alberto-barreto-villalba-de-curuguaty","status":"publish","type":"post","link":"https:\/\/facitec.edu.py\/v2\/2026\/03\/25\/firma-de-convenio-entre-la-facitec-y-el-ifd-juan-alberto-barreto-villalba-de-curuguaty\/","title":{"rendered":"Firma de convenio entre la FACITEC y el IFD Juan Alberto Barreto Villalba de Curuguaty"},"content":{"rendered":"<p><em>(Curuguaty, 24\/03\/2026 <\/em>En un paso significativo hacia la integraci\u00f3n y el fortalecimiento de la educaci\u00f3n superior en el departamento de Canindey\u00fa, la FACITEC y el Instituto de Formaci\u00f3n Docente Juan Alberto Barreto Villalba, firmaron hoy un Convenio Marco de Cooperaci\u00f3n Interinstitucional.<!--more--><\/p>\n<p><a href=\"https:\/\/facitec.edu.py\/v2\/2026\/03\/25\/firma-de-convenio-entre-la-facitec-y-el-ifd-juan-alberto-barreto-villalba-de-curuguaty\/1-159\/\" rel=\"attachment wp-att-18288\"><img data-recalc-dims=\"1\" loading=\"lazy\" decoding=\"async\" data-attachment-id=\"18288\" data-permalink=\"https:\/\/facitec.edu.py\/v2\/2026\/03\/25\/firma-de-convenio-entre-la-facitec-y-el-ifd-juan-alberto-barreto-villalba-de-curuguaty\/1-159\/\" data-orig-file=\"https:\/\/i0.wp.com\/facitec.edu.py\/v2\/wp-content\/uploads\/2026\/03\/1-1.jpeg?fit=1280%2C807&amp;ssl=1\" data-orig-size=\"1280,807\" data-comments-opened=\"0\" data-image-meta=\"{&quot;aperture&quot;:&quot;0&quot;,&quot;credit&quot;:&quot;&quot;,&quot;camera&quot;:&quot;&quot;,&quot;caption&quot;:&quot;&quot;,&quot;created_timestamp&quot;:&quot;0&quot;,&quot;copyright&quot;:&quot;&quot;,&quot;focal_length&quot;:&quot;0&quot;,&quot;iso&quot;:&quot;0&quot;,&quot;shutter_speed&quot;:&quot;0&quot;,&quot;title&quot;:&quot;&quot;,&quot;orientation&quot;:&quot;1&quot;}\" data-image-title=\"1\" data-image-description=\"\" data-image-caption=\"\" data-large-file=\"https:\/\/i0.wp.com\/facitec.edu.py\/v2\/wp-content\/uploads\/2026\/03\/1-1.jpeg?fit=1024%2C646&amp;ssl=1\" class=\"alignnone size-large wp-image-18288\" src=\"https:\/\/i0.wp.com\/facitec.edu.py\/v2\/wp-content\/uploads\/2026\/03\/1-1.jpeg?resize=1024%2C646&#038;ssl=1\" alt=\"\" width=\"1024\" height=\"646\" srcset=\"https:\/\/i0.wp.com\/facitec.edu.py\/v2\/wp-content\/uploads\/2026\/03\/1-1.jpeg?resize=1024%2C646&amp;ssl=1 1024w, https:\/\/i0.wp.com\/facitec.edu.py\/v2\/wp-content\/uploads\/2026\/03\/1-1.jpeg?resize=300%2C189&amp;ssl=1 300w, https:\/\/i0.wp.com\/facitec.edu.py\/v2\/wp-content\/uploads\/2026\/03\/1-1.jpeg?resize=768%2C484&amp;ssl=1 768w, https:\/\/i0.wp.com\/facitec.edu.py\/v2\/wp-content\/uploads\/2026\/03\/1-1.jpeg?resize=280%2C177&amp;ssl=1 280w, https:\/\/i0.wp.com\/facitec.edu.py\/v2\/wp-content\/uploads\/2026\/03\/1-1.jpeg?resize=1170%2C738&amp;ssl=1 1170w, https:\/\/i0.wp.com\/facitec.edu.py\/v2\/wp-content\/uploads\/2026\/03\/1-1.jpeg?w=1280&amp;ssl=1 1280w\" sizes=\"auto, (max-width: 1024px) 100vw, 1024px\" \/><\/a><\/p>\n<p>La r\u00fabrica del documento estuvo a cargo del Decano de la FACITEC, MSc. Rodrigo Javier Mart\u00ednez Meza, y la Directora del instituto, MSc. Sandra Andrea Herrera Ayala. La firma se realiz\u00f3 en la filial de Curuguaty, simbolizando el compromiso de ambas entidades con el progreso educativo de la regi\u00f3n.<\/p>\n<p>El convenio marco establece las bases para una colaboraci\u00f3n amplia y diversa, que abarca desde la formaci\u00f3n y transferencia de conocimientos en \u00e1reas t\u00e9cnicas y cient\u00edficas, hasta el desarrollo de proyectos conjuntos de investigaci\u00f3n y extensi\u00f3n universitaria.<\/p>\n<p>Entre los puntos destacados del acuerdo se encuentran la posibilidad de realizar pasant\u00edas curriculares y extracurriculares para estudiantes de ambas casas de estudio, el uso compartido de instalaciones y equipamiento, y el fomento de proyectos de innovaci\u00f3n estudiantil que vinculen la teor\u00eda acad\u00e9mica con las necesidades pr\u00e1cticas del entorno.<\/p>\n<p>Este convenio representa una oportunidad invaluable para los \u00a0estudiantes y docentes de ambas instituciones. La sinergia entre la tecnolog\u00eda y la formaci\u00f3n docente es fundamental para enfrentar los desaf\u00edos actuales de la educaci\u00f3n.<\/p>\n<p><a href=\"https:\/\/facitec.edu.py\/v2\/2026\/03\/25\/firma-de-convenio-entre-la-facitec-y-el-ifd-juan-alberto-barreto-villalba-de-curuguaty\/2-142\/\" rel=\"attachment wp-att-18289\"><img data-recalc-dims=\"1\" loading=\"lazy\" decoding=\"async\" data-attachment-id=\"18289\" data-permalink=\"https:\/\/facitec.edu.py\/v2\/2026\/03\/25\/firma-de-convenio-entre-la-facitec-y-el-ifd-juan-alberto-barreto-villalba-de-curuguaty\/2-142\/\" data-orig-file=\"https:\/\/i0.wp.com\/facitec.edu.py\/v2\/wp-content\/uploads\/2026\/03\/2-1.jpeg?fit=1280%2C960&amp;ssl=1\" data-orig-size=\"1280,960\" data-comments-opened=\"0\" data-image-meta=\"{&quot;aperture&quot;:&quot;0&quot;,&quot;credit&quot;:&quot;&quot;,&quot;camera&quot;:&quot;&quot;,&quot;caption&quot;:&quot;&quot;,&quot;created_timestamp&quot;:&quot;0&quot;,&quot;copyright&quot;:&quot;&quot;,&quot;focal_length&quot;:&quot;0&quot;,&quot;iso&quot;:&quot;0&quot;,&quot;shutter_speed&quot;:&quot;0&quot;,&quot;title&quot;:&quot;&quot;,&quot;orientation&quot;:&quot;0&quot;}\" data-image-title=\"2\" data-image-description=\"\" data-image-caption=\"\" data-large-file=\"https:\/\/i0.wp.com\/facitec.edu.py\/v2\/wp-content\/uploads\/2026\/03\/2-1.jpeg?fit=1024%2C768&amp;ssl=1\" class=\"alignnone size-large wp-image-18289\" src=\"https:\/\/i0.wp.com\/facitec.edu.py\/v2\/wp-content\/uploads\/2026\/03\/2-1.jpeg?resize=1024%2C768&#038;ssl=1\" alt=\"\" width=\"1024\" height=\"768\" srcset=\"https:\/\/i0.wp.com\/facitec.edu.py\/v2\/wp-content\/uploads\/2026\/03\/2-1.jpeg?resize=1024%2C768&amp;ssl=1 1024w, https:\/\/i0.wp.com\/facitec.edu.py\/v2\/wp-content\/uploads\/2026\/03\/2-1.jpeg?resize=300%2C225&amp;ssl=1 300w, https:\/\/i0.wp.com\/facitec.edu.py\/v2\/wp-content\/uploads\/2026\/03\/2-1.jpeg?resize=768%2C576&amp;ssl=1 768w, https:\/\/i0.wp.com\/facitec.edu.py\/v2\/wp-content\/uploads\/2026\/03\/2-1.jpeg?resize=249%2C187&amp;ssl=1 249w, https:\/\/i0.wp.com\/facitec.edu.py\/v2\/wp-content\/uploads\/2026\/03\/2-1.jpeg?resize=1170%2C878&amp;ssl=1 1170w, https:\/\/i0.wp.com\/facitec.edu.py\/v2\/wp-content\/uploads\/2026\/03\/2-1.jpeg?w=1280&amp;ssl=1 1280w\" sizes=\"auto, (max-width: 1024px) 100vw, 1024px\" \/><\/a><\/p>\n<p>Por su parte, el Decano de la FACITEC, MSc. Rodrigo Mart\u00ednez Meza, resalt\u00f3 la importancia de formalizar este tipo de alianzas estrat\u00e9gicas, porque la cooperaci\u00f3n interinstitucional es un pilar para el crecimiento. Este convenio permitir\u00e1 unir esfuerzos en investigaci\u00f3n y extensi\u00f3n y tambi\u00e9n abrir nuevas puertas para los \u00a0alumnos a trav\u00e9s de visitas t\u00e9cnicas, intercambios y proyectos conjuntos.<\/p>\n<p>Con una vigencia de cinco a\u00f1os, el convenio podr\u00e1 ser renovado y ampliado por mutuo acuerdo, consolidando una alianza duradera que promete generar un impacto positivo en la formaci\u00f3n de profesionales y en el desarrollo integral de la comunidad educativa de Canindey\u00fa.<\/p>\n","protected":false},"excerpt":{"rendered":"<p>(Curuguaty, 24\/03\/2026 En un paso significativo hacia la integraci\u00f3n y el fortalecimiento de la educaci\u00f3n superior en el departamento de Canindey\u00fa, la FACITEC y el Instituto de Formaci\u00f3n Docente Juan Alberto Barreto Villalba, firmaron hoy un Convenio Marco de Cooperaci\u00f3n Interinstitucional.<\/p>\n","protected":false},"author":1,"featured_media":18288,"comment_status":"closed","ping_status":"open","sticky":false,"template":"","format":"standard","meta":{"cybocfi_hide_featured_image":"yes","_jetpack_memberships_contains_paid_content":false,"footnotes":"","jetpack_publicize_message":"","jetpack_publicize_feature_enabled":true,"jetpack_social_post_already_shared":true,"jetpack_social_options":{"image_generator_settings":{"template":"highway","default_image_id":0,"font":"","enabled":false},"version":2}},"categories":[64,2,47],"tags":[],"class_list":["post-18287","post","type-post","status-publish","format-standard","has-post-thumbnail","hentry","category-convenios","category-noticias","category-noticias_curuguaty"],"jetpack_publicize_connections":[],"jetpack_featured_media_url":"https:\/\/i0.wp.com\/facitec.edu.py\/v2\/wp-content\/uploads\/2026\/03\/1-1.jpeg?fit=1280%2C807&ssl=1","jetpack_sharing_enabled":true,"jetpack_likes_enabled":true,"_links":{"self":[{"href":"https:\/\/facitec.edu.py\/v2\/wp-json\/wp\/v2\/posts\/18287","targetHints":{"allow":["GET"]}}],"collection":[{"href":"https:\/\/facitec.edu.py\/v2\/wp-json\/wp\/v2\/posts"}],"about":[{"href":"https:\/\/facitec.edu.py\/v2\/wp-json\/wp\/v2\/types\/post"}],"author":[{"embeddable":true,"href":"https:\/\/facitec.edu.py\/v2\/wp-json\/wp\/v2\/users\/1"}],"replies":[{"embeddable":true,"href":"https:\/\/facitec.edu.py\/v2\/wp-json\/wp\/v2\/comments?post=18287"}],"version-history":[{"count":2,"href":"https:\/\/facitec.edu.py\/v2\/wp-json\/wp\/v2\/posts\/18287\/revisions"}],"predecessor-version":[{"id":18291,"href":"https:\/\/facitec.edu.py\/v2\/wp-json\/wp\/v2\/posts\/18287\/revisions\/18291"}],"wp:featuredmedia":[{"embeddable":true,"href":"https:\/\/facitec.edu.py\/v2\/wp-json\/wp\/v2\/media\/18288"}],"wp:attachment":[{"href":"https:\/\/facitec.edu.py\/v2\/wp-json\/wp\/v2\/media?parent=18287"}],"wp:term":[{"taxonomy":"category","embeddable":true,"href":"https:\/\/facitec.edu.py\/v2\/wp-json\/wp\/v2\/categories?post=18287"},{"taxonomy":"post_tag","embeddable":true,"href":"https:\/\/facitec.edu.py\/v2\/wp-json\/wp\/v2\/tags?post=18287"}],"curies":[{"name":"wp","href":"https:\/\/api.w.org\/{rel}","templated":true}]}}